{"id":3093,"date":"2022-09-22T13:28:37","date_gmt":"2022-09-22T13:28:37","guid":{"rendered":"https:\/\/scales-group.com\/?p=3093"},"modified":"2023-05-11T07:42:28","modified_gmt":"2023-05-11T07:42:28","slug":"nyt-graduatehold-for-funktionelle-konsulenter","status":"publish","type":"post","link":"https:\/\/scales-group.com\/da\/nyt-graduatehold-for-funktionelle-konsulenter\/","title":{"rendered":"Nyt graduatehold for funktionelle konsulenter"},"content":{"rendered":"<p>Den 1. september 2022 startede endnu et graduatehold, som er kommet rigtig st\u00e6rkt fra land.<\/p>\n<p>Denne gang siger vi velkommen til 8 kommende funktionelle ERP konsulenter, Asta, Johan, Andreas, Trine, Rasmus, Helena, Janne &amp; Michael. Det er fantastisk af have jer ombord, og med jeres kompetencer, nysgerrighed og appetit p\u00e5 at l\u00e6re, s\u00e5 kan det kun blive en succes.<\/p>\n<p>I september er der fuld fokus p\u00e5 D365 FO tr\u00e6ningen, hvorefter vi ser frem til at introducere jer til projekter, mentorer og buddies, som bliver en vigtig del af jeres opl\u00e6ring, parallelt med al tr\u00e6ningen, der er planlagt over det n\u00e6ste \u00e5r, selvf\u00f8lgelig.<\/p>\n<p>P\u00e5 hele SCALES, OG p\u00e5 vores kunders, vegne: Velkommen! Vi gl\u00e6der os meget til at arbejde sammen med jer.<\/p>\n<p>&nbsp;<\/p>\n<p>F\u00f8lg l\u00f8bende med i hvad der r\u00f8rer sig i SCALES p\u00e5 vores LinkedIn profil: https:\/\/www.linkedin.com\/company\/scales-group-a-s\/posts\/?feedView=all<\/p>\n","protected":false},"excerpt":{"rendered":"<p>Den 1. september 2022 startede endnu et graduatehold, som er kommet rigtig st\u00e6rkt fra land. Denne gang siger vi velkommen  &#8230;<\/p>\n","protected":false},"author":3,"featured_media":3096,"comment_status":"closed","ping_status":"closed","sticky":false,"template":"","format":"standard","meta":{"_acf_changed":false,"footnotes":""},"categories":[12],"tags":[23,22],"class_list":["post-3093","post","type-post","status-publish","format-standard","has-post-thumbnail","hentry","category-nyheder","tag-graduates","tag-newemployees"],"acf":[],"yoast_head":"<!-- This site is optimized with the Yoast SEO plugin v27.5 - https:\/\/yoast.com\/product\/yoast-seo-wordpress\/ -->\n<title>Nyt graduatehold for funktionelle konsulenter - Scales Group<\/title>\n<meta name=\"description\" content=\"Den 1. september 2022 startede endnu et graduatehold, som er kommet rigtig st\u00e6rkt fra land.\u00a0Denne gang for funktionelle konsulenter.\" \/>\n<meta name=\"robots\" content=\"index, follow, max-snippet:-1, max-image-preview:large, max-video-preview:-1\" \/>\n<link rel=\"canonical\" href=\"https:\/\/scales-group.com\/da\/nyt-graduatehold-for-funktionelle-konsulenter\/\" \/>\n<meta property=\"og:locale\" content=\"da_DK\" \/>\n<meta property=\"og:type\" content=\"article\" \/>\n<meta property=\"og:title\" content=\"Nyt graduatehold for funktionelle konsulenter - Scales Group\" \/>\n<meta property=\"og:description\" content=\"Den 1. september 2022 startede endnu et graduatehold, som er kommet rigtig st\u00e6rkt fra land.\u00a0Denne gang for funktionelle konsulenter.\" \/>\n<meta property=\"og:url\" content=\"https:\/\/scales-group.com\/da\/nyt-graduatehold-for-funktionelle-konsulenter\/\" \/>\n<meta property=\"og:site_name\" content=\"Scales Group\" \/>\n<meta property=\"article:published_time\" content=\"2022-09-22T13:28:37+00:00\" \/>\n<meta property=\"article:modified_time\" content=\"2023-05-11T07:42:28+00:00\" \/>\n<meta property=\"og:image\" content=\"https:\/\/scales-group.com\/wp-content\/uploads\/2023\/05\/gradutehold_functional_consultants.jpg\" \/>\n\t<meta property=\"og:image:width\" content=\"1804\" \/>\n\t<meta property=\"og:image:height\" content=\"1536\" \/>\n\t<meta property=\"og:image:type\" content=\"image\/jpeg\" \/>\n<meta name=\"author\" content=\"Rikke\" \/>\n<meta name=\"twitter:card\" content=\"summary_large_image\" \/>\n<meta name=\"twitter:label1\" content=\"Skrevet af\" \/>\n\t<meta name=\"twitter:data1\" content=\"Rikke\" \/>\n\t<meta name=\"twitter:label2\" content=\"Estimeret l\u00e6setid\" \/>\n\t<meta name=\"twitter:data2\" content=\"1 minut\" \/>\n<script type=\"application\/ld+json\" class=\"yoast-schema-graph\">{\"@context\":\"https:\\\/\\\/schema.org\",\"@graph\":[{\"@type\":\"Article\",\"@id\":\"https:\\\/\\\/scales-group.com\\\/da\\\/nyt-graduatehold-for-funktionelle-konsulenter\\\/#article\",\"isPartOf\":{\"@id\":\"https:\\\/\\\/scales-group.com\\\/da\\\/nyt-graduatehold-for-funktionelle-konsulenter\\\/\"},\"author\":{\"name\":\"Rikke\",\"@id\":\"https:\\\/\\\/scales-group.com\\\/da\\\/#\\\/schema\\\/person\\\/21e02bcdcda788f912895231ecfb96d3\"},\"headline\":\"Nyt graduatehold for funktionelle konsulenter\",\"datePublished\":\"2022-09-22T13:28:37+00:00\",\"dateModified\":\"2023-05-11T07:42:28+00:00\",\"mainEntityOfPage\":{\"@id\":\"https:\\\/\\\/scales-group.com\\\/da\\\/nyt-graduatehold-for-funktionelle-konsulenter\\\/\"},\"wordCount\":158,\"publisher\":{\"@id\":\"https:\\\/\\\/scales-group.com\\\/da\\\/#organization\"},\"image\":{\"@id\":\"https:\\\/\\\/scales-group.com\\\/da\\\/nyt-graduatehold-for-funktionelle-konsulenter\\\/#primaryimage\"},\"thumbnailUrl\":\"https:\\\/\\\/scales-group.com\\\/wp-content\\\/uploads\\\/2023\\\/05\\\/gradutehold_functional_consultants.jpg\",\"keywords\":[\"graduates\",\"newemployees\"],\"articleSection\":[\"Nyheder\"],\"inLanguage\":\"da-DK\"},{\"@type\":\"WebPage\",\"@id\":\"https:\\\/\\\/scales-group.com\\\/da\\\/nyt-graduatehold-for-funktionelle-konsulenter\\\/\",\"url\":\"https:\\\/\\\/scales-group.com\\\/da\\\/nyt-graduatehold-for-funktionelle-konsulenter\\\/\",\"name\":\"Nyt graduatehold for funktionelle konsulenter - Scales Group\",\"isPartOf\":{\"@id\":\"https:\\\/\\\/scales-group.com\\\/da\\\/#website\"},\"primaryImageOfPage\":{\"@id\":\"https:\\\/\\\/scales-group.com\\\/da\\\/nyt-graduatehold-for-funktionelle-konsulenter\\\/#primaryimage\"},\"image\":{\"@id\":\"https:\\\/\\\/scales-group.com\\\/da\\\/nyt-graduatehold-for-funktionelle-konsulenter\\\/#primaryimage\"},\"thumbnailUrl\":\"https:\\\/\\\/scales-group.com\\\/wp-content\\\/uploads\\\/2023\\\/05\\\/gradutehold_functional_consultants.jpg\",\"datePublished\":\"2022-09-22T13:28:37+00:00\",\"dateModified\":\"2023-05-11T07:42:28+00:00\",\"description\":\"Den 1. september 2022 startede endnu et graduatehold, som er kommet rigtig st\u00e6rkt fra land.\u00a0Denne gang for funktionelle konsulenter.\",\"breadcrumb\":{\"@id\":\"https:\\\/\\\/scales-group.com\\\/da\\\/nyt-graduatehold-for-funktionelle-konsulenter\\\/#breadcrumb\"},\"inLanguage\":\"da-DK\",\"potentialAction\":[{\"@type\":\"ReadAction\",\"target\":[\"https:\\\/\\\/scales-group.com\\\/da\\\/nyt-graduatehold-for-funktionelle-konsulenter\\\/\"]}]},{\"@type\":\"ImageObject\",\"inLanguage\":\"da-DK\",\"@id\":\"https:\\\/\\\/scales-group.com\\\/da\\\/nyt-graduatehold-for-funktionelle-konsulenter\\\/#primaryimage\",\"url\":\"https:\\\/\\\/scales-group.com\\\/wp-content\\\/uploads\\\/2023\\\/05\\\/gradutehold_functional_consultants.jpg\",\"contentUrl\":\"https:\\\/\\\/scales-group.com\\\/wp-content\\\/uploads\\\/2023\\\/05\\\/gradutehold_functional_consultants.jpg\",\"width\":1804,\"height\":1536,\"caption\":\"Nystartet hold af funktionelle konsulenter i SCALES.\"},{\"@type\":\"BreadcrumbList\",\"@id\":\"https:\\\/\\\/scales-group.com\\\/da\\\/nyt-graduatehold-for-funktionelle-konsulenter\\\/#breadcrumb\",\"itemListElement\":[{\"@type\":\"ListItem\",\"position\":1,\"name\":\"Forside\",\"item\":\"https:\\\/\\\/scales-group.com\\\/da\\\/\"},{\"@type\":\"ListItem\",\"position\":2,\"name\":\"Nyheder\",\"item\":\"https:\\\/\\\/scales-group.com\\\/da\\\/kategori\\\/nyheder\\\/\"},{\"@type\":\"ListItem\",\"position\":3,\"name\":\"Nyt graduatehold for funktionelle konsulenter\"}]},{\"@type\":\"WebSite\",\"@id\":\"https:\\\/\\\/scales-group.com\\\/da\\\/#website\",\"url\":\"https:\\\/\\\/scales-group.com\\\/da\\\/\",\"name\":\"Scales Group\",\"description\":\"\",\"publisher\":{\"@id\":\"https:\\\/\\\/scales-group.com\\\/da\\\/#organization\"},\"potentialAction\":[{\"@type\":\"SearchAction\",\"target\":{\"@type\":\"EntryPoint\",\"urlTemplate\":\"https:\\\/\\\/scales-group.com\\\/da\\\/?s={search_term_string}\"},\"query-input\":{\"@type\":\"PropertyValueSpecification\",\"valueRequired\":true,\"valueName\":\"search_term_string\"}}],\"inLanguage\":\"da-DK\"},{\"@type\":\"Organization\",\"@id\":\"https:\\\/\\\/scales-group.com\\\/da\\\/#organization\",\"name\":\"Scales Group\",\"url\":\"https:\\\/\\\/scales-group.com\\\/da\\\/\",\"logo\":{\"@type\":\"ImageObject\",\"inLanguage\":\"da-DK\",\"@id\":\"https:\\\/\\\/scales-group.com\\\/da\\\/#\\\/schema\\\/logo\\\/image\\\/\",\"url\":\"https:\\\/\\\/scales-group.com\\\/wp-content\\\/uploads\\\/2023\\\/03\\\/Scales-100_POS-med-payoff.png\",\"contentUrl\":\"https:\\\/\\\/scales-group.com\\\/wp-content\\\/uploads\\\/2023\\\/03\\\/Scales-100_POS-med-payoff.png\",\"width\":476,\"height\":190,\"caption\":\"Scales Group\"},\"image\":{\"@id\":\"https:\\\/\\\/scales-group.com\\\/da\\\/#\\\/schema\\\/logo\\\/image\\\/\"},\"sameAs\":[\"https:\\\/\\\/www.linkedin.com\\\/company\\\/scales-group-a-s\\\/\"]},{\"@type\":\"Person\",\"@id\":\"https:\\\/\\\/scales-group.com\\\/da\\\/#\\\/schema\\\/person\\\/21e02bcdcda788f912895231ecfb96d3\",\"name\":\"Rikke\"}]}<\/script>\n<!-- \/ Yoast SEO plugin. -->","yoast_head_json":{"title":"Nyt graduatehold for funktionelle konsulenter - Scales Group","description":"Den 1. september 2022 startede endnu et graduatehold, som er kommet rigtig st\u00e6rkt fra land.\u00a0Denne gang for funktionelle konsulenter.","robots":{"index":"index","follow":"follow","max-snippet":"max-snippet:-1","max-image-preview":"max-image-preview:large","max-video-preview":"max-video-preview:-1"},"canonical":"https:\/\/scales-group.com\/da\/nyt-graduatehold-for-funktionelle-konsulenter\/","og_locale":"da_DK","og_type":"article","og_title":"Nyt graduatehold for funktionelle konsulenter - Scales Group","og_description":"Den 1. september 2022 startede endnu et graduatehold, som er kommet rigtig st\u00e6rkt fra land.\u00a0Denne gang for funktionelle konsulenter.","og_url":"https:\/\/scales-group.com\/da\/nyt-graduatehold-for-funktionelle-konsulenter\/","og_site_name":"Scales Group","article_published_time":"2022-09-22T13:28:37+00:00","article_modified_time":"2023-05-11T07:42:28+00:00","og_image":[{"width":1804,"height":1536,"url":"https:\/\/scales-group.com\/wp-content\/uploads\/2023\/05\/gradutehold_functional_consultants.jpg","type":"image\/jpeg"}],"author":"Rikke","twitter_card":"summary_large_image","twitter_misc":{"Skrevet af":"Rikke","Estimeret l\u00e6setid":"1 minut"},"schema":{"@context":"https:\/\/schema.org","@graph":[{"@type":"Article","@id":"https:\/\/scales-group.com\/da\/nyt-graduatehold-for-funktionelle-konsulenter\/#article","isPartOf":{"@id":"https:\/\/scales-group.com\/da\/nyt-graduatehold-for-funktionelle-konsulenter\/"},"author":{"name":"Rikke","@id":"https:\/\/scales-group.com\/da\/#\/schema\/person\/21e02bcdcda788f912895231ecfb96d3"},"headline":"Nyt graduatehold for funktionelle konsulenter","datePublished":"2022-09-22T13:28:37+00:00","dateModified":"2023-05-11T07:42:28+00:00","mainEntityOfPage":{"@id":"https:\/\/scales-group.com\/da\/nyt-graduatehold-for-funktionelle-konsulenter\/"},"wordCount":158,"publisher":{"@id":"https:\/\/scales-group.com\/da\/#organization"},"image":{"@id":"https:\/\/scales-group.com\/da\/nyt-graduatehold-for-funktionelle-konsulenter\/#primaryimage"},"thumbnailUrl":"https:\/\/scales-group.com\/wp-content\/uploads\/2023\/05\/gradutehold_functional_consultants.jpg","keywords":["graduates","newemployees"],"articleSection":["Nyheder"],"inLanguage":"da-DK"},{"@type":"WebPage","@id":"https:\/\/scales-group.com\/da\/nyt-graduatehold-for-funktionelle-konsulenter\/","url":"https:\/\/scales-group.com\/da\/nyt-graduatehold-for-funktionelle-konsulenter\/","name":"Nyt graduatehold for funktionelle konsulenter - Scales Group","isPartOf":{"@id":"https:\/\/scales-group.com\/da\/#website"},"primaryImageOfPage":{"@id":"https:\/\/scales-group.com\/da\/nyt-graduatehold-for-funktionelle-konsulenter\/#primaryimage"},"image":{"@id":"https:\/\/scales-group.com\/da\/nyt-graduatehold-for-funktionelle-konsulenter\/#primaryimage"},"thumbnailUrl":"https:\/\/scales-group.com\/wp-content\/uploads\/2023\/05\/gradutehold_functional_consultants.jpg","datePublished":"2022-09-22T13:28:37+00:00","dateModified":"2023-05-11T07:42:28+00:00","description":"Den 1. september 2022 startede endnu et graduatehold, som er kommet rigtig st\u00e6rkt fra land.\u00a0Denne gang for funktionelle konsulenter.","breadcrumb":{"@id":"https:\/\/scales-group.com\/da\/nyt-graduatehold-for-funktionelle-konsulenter\/#breadcrumb"},"inLanguage":"da-DK","potentialAction":[{"@type":"ReadAction","target":["https:\/\/scales-group.com\/da\/nyt-graduatehold-for-funktionelle-konsulenter\/"]}]},{"@type":"ImageObject","inLanguage":"da-DK","@id":"https:\/\/scales-group.com\/da\/nyt-graduatehold-for-funktionelle-konsulenter\/#primaryimage","url":"https:\/\/scales-group.com\/wp-content\/uploads\/2023\/05\/gradutehold_functional_consultants.jpg","contentUrl":"https:\/\/scales-group.com\/wp-content\/uploads\/2023\/05\/gradutehold_functional_consultants.jpg","width":1804,"height":1536,"caption":"Nystartet hold af funktionelle konsulenter i SCALES."},{"@type":"BreadcrumbList","@id":"https:\/\/scales-group.com\/da\/nyt-graduatehold-for-funktionelle-konsulenter\/#breadcrumb","itemListElement":[{"@type":"ListItem","position":1,"name":"Forside","item":"https:\/\/scales-group.com\/da\/"},{"@type":"ListItem","position":2,"name":"Nyheder","item":"https:\/\/scales-group.com\/da\/kategori\/nyheder\/"},{"@type":"ListItem","position":3,"name":"Nyt graduatehold for funktionelle konsulenter"}]},{"@type":"WebSite","@id":"https:\/\/scales-group.com\/da\/#website","url":"https:\/\/scales-group.com\/da\/","name":"Scales Group","description":"","publisher":{"@id":"https:\/\/scales-group.com\/da\/#organization"},"potentialAction":[{"@type":"SearchAction","target":{"@type":"EntryPoint","urlTemplate":"https:\/\/scales-group.com\/da\/?s={search_term_string}"},"query-input":{"@type":"PropertyValueSpecification","valueRequired":true,"valueName":"search_term_string"}}],"inLanguage":"da-DK"},{"@type":"Organization","@id":"https:\/\/scales-group.com\/da\/#organization","name":"Scales Group","url":"https:\/\/scales-group.com\/da\/","logo":{"@type":"ImageObject","inLanguage":"da-DK","@id":"https:\/\/scales-group.com\/da\/#\/schema\/logo\/image\/","url":"https:\/\/scales-group.com\/wp-content\/uploads\/2023\/03\/Scales-100_POS-med-payoff.png","contentUrl":"https:\/\/scales-group.com\/wp-content\/uploads\/2023\/03\/Scales-100_POS-med-payoff.png","width":476,"height":190,"caption":"Scales Group"},"image":{"@id":"https:\/\/scales-group.com\/da\/#\/schema\/logo\/image\/"},"sameAs":["https:\/\/www.linkedin.com\/company\/scales-group-a-s\/"]},{"@type":"Person","@id":"https:\/\/scales-group.com\/da\/#\/schema\/person\/21e02bcdcda788f912895231ecfb96d3","name":"Rikke"}]}},"_links":{"self":[{"href":"https:\/\/scales-group.com\/da\/wp-json\/wp\/v2\/posts\/3093","targetHints":{"allow":["GET"]}}],"collection":[{"href":"https:\/\/scales-group.com\/da\/wp-json\/wp\/v2\/posts"}],"about":[{"href":"https:\/\/scales-group.com\/da\/wp-json\/wp\/v2\/types\/post"}],"author":[{"embeddable":true,"href":"https:\/\/scales-group.com\/da\/wp-json\/wp\/v2\/users\/3"}],"replies":[{"embeddable":true,"href":"https:\/\/scales-group.com\/da\/wp-json\/wp\/v2\/comments?post=3093"}],"version-history":[{"count":3,"href":"https:\/\/scales-group.com\/da\/wp-json\/wp\/v2\/posts\/3093\/revisions"}],"predecessor-version":[{"id":3140,"href":"https:\/\/scales-group.com\/da\/wp-json\/wp\/v2\/posts\/3093\/revisions\/3140"}],"wp:featuredmedia":[{"embeddable":true,"href":"https:\/\/scales-group.com\/da\/wp-json\/wp\/v2\/media\/3096"}],"wp:attachment":[{"href":"https:\/\/scales-group.com\/da\/wp-json\/wp\/v2\/media?parent=3093"}],"wp:term":[{"taxonomy":"category","embeddable":true,"href":"https:\/\/scales-group.com\/da\/wp-json\/wp\/v2\/categories?post=3093"},{"taxonomy":"post_tag","embeddable":true,"href":"https:\/\/scales-group.com\/da\/wp-json\/wp\/v2\/tags?post=3093"}],"curies":[{"name":"wp","href":"https:\/\/api.w.org\/{rel}","templated":true}]}}