{"id":929,"date":"2023-01-31T14:42:22","date_gmt":"2023-01-31T14:42:22","guid":{"rendered":"https:\/\/aze.scales-group.com?p=929"},"modified":"2023-05-11T07:42:13","modified_gmt":"2023-05-11T07:42:13","slug":"scales-stoetter-danmarks-indsamlingen-igen-i-aar","status":"publish","type":"post","link":"https:\/\/scales-group.com\/da\/scales-stoetter-danmarks-indsamlingen-igen-i-aar\/","title":{"rendered":"SCALES st\u00f8tter Danmarks Indsamlingen &#8211; igen i \u00e5r"},"content":{"rendered":"<div class=\"fusion-fullwidth fullwidth-box fusion-builder-row-1 fusion-flex-container nonhundred-percent-fullwidth non-hundred-percent-height-scrolling\" style=\"--awb-border-radius-top-left:0px;--awb-border-radius-top-right:0px;--awb-border-radius-bottom-right:0px;--awb-border-radius-bottom-left:0px;--awb-flex-wrap:wrap;\" ><div class=\"fusion-builder-row fusion-row fusion-flex-align-items-flex-start fusion-flex-content-wrap\" style=\"max-width:1248px;margin-left: calc(-4% \/ 2 );margin-right: calc(-4% \/ 2 );\"><div class=\"fusion-layout-column fusion_builder_column fusion-builder-column-0 fusion_builder_column_1_1 1_1 fusion-flex-column\" style=\"--awb-bg-blend:overlay;--awb-bg-size:cover;--awb-width-large:100%;--awb-margin-top-large:0px;--awb-spacing-right-large:1.92%;--awb-margin-bottom-large:0px;--awb-spacing-left-large:1.92%;--awb-width-medium:100%;--awb-spacing-right-medium:1.92%;--awb-spacing-left-medium:1.92%;--awb-width-small:100%;--awb-spacing-right-small:1.92%;--awb-spacing-left-small:1.92%;\"><div class=\"fusion-column-wrapper fusion-flex-justify-content-flex-start fusion-content-layout-column\"><div class=\"fusion-text fusion-text-1\"><p>Igen i \u00e5r st\u00f8tter SCALES indsamlingen, hvor Danmarks 12 st\u00f8rste humanit\u00e6re organisationer samler penge ind til at hj\u00e6lpe nogle af de mest s\u00e5rbare familier i verdens kriser.<\/p>\n<p>Projekterne sikrer, at b\u00f8rn f\u00e5r mad og rent drikkevand, samt at de f\u00e5r uddannelse, l\u00e6ge- og krisehj\u00e6lp, omsorg og beskyttelse.<\/p>\n<p>SCALES st\u00f8tter indsamlingen med DKK 25.000.<\/p>\n<p>F\u00f8lg l\u00f8bende med i hvad der r\u00f8rer sig i SCALES p\u00e5 vores LinkedIn profil: https:\/\/www.linkedin.com\/company\/scales-group-a-s\/posts\/?feedView=all<\/p>\n<\/div><\/div><\/div><\/div><\/div>\n","protected":false},"excerpt":{"rendered":"","protected":false},"author":1,"featured_media":932,"comment_status":"closed","ping_status":"closed","sticky":false,"template":"","format":"standard","meta":{"_acf_changed":false,"footnotes":""},"categories":[12],"tags":[24],"class_list":["post-929","post","type-post","status-publish","format-standard","has-post-thumbnail","hentry","category-nyheder","tag-generalnews"],"acf":[],"yoast_head":"<!-- This site is optimized with the Yoast SEO plugin v27.5 - https:\/\/yoast.com\/product\/yoast-seo-wordpress\/ -->\n<title>SCALES st\u00f8tter Danmarks Indsamlingen - igen i \u00e5r - Scales Group<\/title>\n<meta name=\"description\" content=\"Igen i \u00e5r st\u00f8tter SCALES indsamlingen, hvor Danmarks 12 st\u00f8rste humanit\u00e6re organisationer samler penge ind til at hj\u00e6lpe nogle af de mest s\u00e5rbare familier i verdens kriser.\" \/>\n<meta name=\"robots\" content=\"index, follow, max-snippet:-1, max-image-preview:large, max-video-preview:-1\" \/>\n<link rel=\"canonical\" href=\"https:\/\/scales-group.com\/da\/scales-stoetter-danmarks-indsamlingen-igen-i-aar\/\" \/>\n<meta property=\"og:locale\" content=\"da_DK\" \/>\n<meta property=\"og:type\" content=\"article\" \/>\n<meta property=\"og:title\" content=\"SCALES st\u00f8tter Danmarks Indsamlingen - igen i \u00e5r - Scales Group\" \/>\n<meta property=\"og:description\" content=\"Igen i \u00e5r st\u00f8tter SCALES indsamlingen, hvor Danmarks 12 st\u00f8rste humanit\u00e6re organisationer samler penge ind til at hj\u00e6lpe nogle af de mest s\u00e5rbare familier i verdens kriser.\" \/>\n<meta property=\"og:url\" content=\"https:\/\/scales-group.com\/da\/scales-stoetter-danmarks-indsamlingen-igen-i-aar\/\" \/>\n<meta property=\"og:site_name\" content=\"Scales Group\" \/>\n<meta property=\"article:published_time\" content=\"2023-01-31T14:42:22+00:00\" \/>\n<meta property=\"article:modified_time\" content=\"2023-05-11T07:42:13+00:00\" \/>\n<meta property=\"og:image\" content=\"https:\/\/scales-group.com\/wp-content\/uploads\/2023\/02\/pexels-emmanuel-ikwuegbu-8948347-1.jpg\" \/>\n\t<meta property=\"og:image:width\" content=\"1920\" \/>\n\t<meta property=\"og:image:height\" content=\"1080\" \/>\n\t<meta property=\"og:image:type\" content=\"image\/jpeg\" \/>\n<meta name=\"author\" content=\"admin\" \/>\n<meta name=\"twitter:card\" content=\"summary_large_image\" \/>\n<meta name=\"twitter:label1\" content=\"Skrevet af\" \/>\n\t<meta name=\"twitter:data1\" content=\"admin\" \/>\n\t<meta name=\"twitter:label2\" content=\"Estimeret l\u00e6setid\" \/>\n\t<meta name=\"twitter:data2\" content=\"1 minut\" \/>\n<script type=\"application\/ld+json\" class=\"yoast-schema-graph\">{\"@context\":\"https:\\\/\\\/schema.org\",\"@graph\":[{\"@type\":\"Article\",\"@id\":\"https:\\\/\\\/scales-group.com\\\/da\\\/scales-stoetter-danmarks-indsamlingen-igen-i-aar\\\/#article\",\"isPartOf\":{\"@id\":\"https:\\\/\\\/scales-group.com\\\/da\\\/scales-stoetter-danmarks-indsamlingen-igen-i-aar\\\/\"},\"author\":{\"name\":\"admin\",\"@id\":\"https:\\\/\\\/scales-group.com\\\/da\\\/#\\\/schema\\\/person\\\/c6c420cba03994b433f08042cb518fbf\"},\"headline\":\"SCALES st\u00f8tter Danmarks Indsamlingen &#8211; igen i \u00e5r\",\"datePublished\":\"2023-01-31T14:42:22+00:00\",\"dateModified\":\"2023-05-11T07:42:13+00:00\",\"mainEntityOfPage\":{\"@id\":\"https:\\\/\\\/scales-group.com\\\/da\\\/scales-stoetter-danmarks-indsamlingen-igen-i-aar\\\/\"},\"wordCount\":288,\"publisher\":{\"@id\":\"https:\\\/\\\/scales-group.com\\\/da\\\/#organization\"},\"image\":{\"@id\":\"https:\\\/\\\/scales-group.com\\\/da\\\/scales-stoetter-danmarks-indsamlingen-igen-i-aar\\\/#primaryimage\"},\"thumbnailUrl\":\"https:\\\/\\\/scales-group.com\\\/wp-content\\\/uploads\\\/2023\\\/02\\\/pexels-emmanuel-ikwuegbu-8948347-1.jpg\",\"keywords\":[\"generalnews\"],\"articleSection\":[\"Nyheder\"],\"inLanguage\":\"da-DK\"},{\"@type\":\"WebPage\",\"@id\":\"https:\\\/\\\/scales-group.com\\\/da\\\/scales-stoetter-danmarks-indsamlingen-igen-i-aar\\\/\",\"url\":\"https:\\\/\\\/scales-group.com\\\/da\\\/scales-stoetter-danmarks-indsamlingen-igen-i-aar\\\/\",\"name\":\"SCALES st\u00f8tter Danmarks Indsamlingen - igen i \u00e5r - Scales Group\",\"isPartOf\":{\"@id\":\"https:\\\/\\\/scales-group.com\\\/da\\\/#website\"},\"primaryImageOfPage\":{\"@id\":\"https:\\\/\\\/scales-group.com\\\/da\\\/scales-stoetter-danmarks-indsamlingen-igen-i-aar\\\/#primaryimage\"},\"image\":{\"@id\":\"https:\\\/\\\/scales-group.com\\\/da\\\/scales-stoetter-danmarks-indsamlingen-igen-i-aar\\\/#primaryimage\"},\"thumbnailUrl\":\"https:\\\/\\\/scales-group.com\\\/wp-content\\\/uploads\\\/2023\\\/02\\\/pexels-emmanuel-ikwuegbu-8948347-1.jpg\",\"datePublished\":\"2023-01-31T14:42:22+00:00\",\"dateModified\":\"2023-05-11T07:42:13+00:00\",\"description\":\"Igen i \u00e5r st\u00f8tter SCALES indsamlingen, hvor Danmarks 12 st\u00f8rste humanit\u00e6re organisationer samler penge ind til at hj\u00e6lpe nogle af de mest s\u00e5rbare familier i verdens kriser.\",\"breadcrumb\":{\"@id\":\"https:\\\/\\\/scales-group.com\\\/da\\\/scales-stoetter-danmarks-indsamlingen-igen-i-aar\\\/#breadcrumb\"},\"inLanguage\":\"da-DK\",\"potentialAction\":[{\"@type\":\"ReadAction\",\"target\":[\"https:\\\/\\\/scales-group.com\\\/da\\\/scales-stoetter-danmarks-indsamlingen-igen-i-aar\\\/\"]}]},{\"@type\":\"ImageObject\",\"inLanguage\":\"da-DK\",\"@id\":\"https:\\\/\\\/scales-group.com\\\/da\\\/scales-stoetter-danmarks-indsamlingen-igen-i-aar\\\/#primaryimage\",\"url\":\"https:\\\/\\\/scales-group.com\\\/wp-content\\\/uploads\\\/2023\\\/02\\\/pexels-emmanuel-ikwuegbu-8948347-1.jpg\",\"contentUrl\":\"https:\\\/\\\/scales-group.com\\\/wp-content\\\/uploads\\\/2023\\\/02\\\/pexels-emmanuel-ikwuegbu-8948347-1.jpg\",\"width\":1920,\"height\":1080,\"caption\":\"Skoleklasse i Afrika\"},{\"@type\":\"BreadcrumbList\",\"@id\":\"https:\\\/\\\/scales-group.com\\\/da\\\/scales-stoetter-danmarks-indsamlingen-igen-i-aar\\\/#breadcrumb\",\"itemListElement\":[{\"@type\":\"ListItem\",\"position\":1,\"name\":\"Forside\",\"item\":\"https:\\\/\\\/scales-group.com\\\/da\\\/\"},{\"@type\":\"ListItem\",\"position\":2,\"name\":\"Nyheder\",\"item\":\"https:\\\/\\\/scales-group.com\\\/da\\\/kategori\\\/nyheder\\\/\"},{\"@type\":\"ListItem\",\"position\":3,\"name\":\"SCALES st\u00f8tter Danmarks Indsamlingen &#8211; igen i \u00e5r\"}]},{\"@type\":\"WebSite\",\"@id\":\"https:\\\/\\\/scales-group.com\\\/da\\\/#website\",\"url\":\"https:\\\/\\\/scales-group.com\\\/da\\\/\",\"name\":\"Scales Group\",\"description\":\"\",\"publisher\":{\"@id\":\"https:\\\/\\\/scales-group.com\\\/da\\\/#organization\"},\"potentialAction\":[{\"@type\":\"SearchAction\",\"target\":{\"@type\":\"EntryPoint\",\"urlTemplate\":\"https:\\\/\\\/scales-group.com\\\/da\\\/?s={search_term_string}\"},\"query-input\":{\"@type\":\"PropertyValueSpecification\",\"valueRequired\":true,\"valueName\":\"search_term_string\"}}],\"inLanguage\":\"da-DK\"},{\"@type\":\"Organization\",\"@id\":\"https:\\\/\\\/scales-group.com\\\/da\\\/#organization\",\"name\":\"Scales Group\",\"url\":\"https:\\\/\\\/scales-group.com\\\/da\\\/\",\"logo\":{\"@type\":\"ImageObject\",\"inLanguage\":\"da-DK\",\"@id\":\"https:\\\/\\\/scales-group.com\\\/da\\\/#\\\/schema\\\/logo\\\/image\\\/\",\"url\":\"https:\\\/\\\/scales-group.com\\\/wp-content\\\/uploads\\\/2023\\\/03\\\/Scales-100_POS-med-payoff.png\",\"contentUrl\":\"https:\\\/\\\/scales-group.com\\\/wp-content\\\/uploads\\\/2023\\\/03\\\/Scales-100_POS-med-payoff.png\",\"width\":476,\"height\":190,\"caption\":\"Scales Group\"},\"image\":{\"@id\":\"https:\\\/\\\/scales-group.com\\\/da\\\/#\\\/schema\\\/logo\\\/image\\\/\"},\"sameAs\":[\"https:\\\/\\\/www.linkedin.com\\\/company\\\/scales-group-a-s\\\/\"]},{\"@type\":\"Person\",\"@id\":\"https:\\\/\\\/scales-group.com\\\/da\\\/#\\\/schema\\\/person\\\/c6c420cba03994b433f08042cb518fbf\",\"name\":\"admin\",\"sameAs\":[\"https:\\\/\\\/scales-group.com\"]}]}<\/script>\n<!-- \/ Yoast SEO plugin. -->","yoast_head_json":{"title":"SCALES st\u00f8tter Danmarks Indsamlingen - igen i \u00e5r - Scales Group","description":"Igen i \u00e5r st\u00f8tter SCALES indsamlingen, hvor Danmarks 12 st\u00f8rste humanit\u00e6re organisationer samler penge ind til at hj\u00e6lpe nogle af de mest s\u00e5rbare familier i verdens kriser.","robots":{"index":"index","follow":"follow","max-snippet":"max-snippet:-1","max-image-preview":"max-image-preview:large","max-video-preview":"max-video-preview:-1"},"canonical":"https:\/\/scales-group.com\/da\/scales-stoetter-danmarks-indsamlingen-igen-i-aar\/","og_locale":"da_DK","og_type":"article","og_title":"SCALES st\u00f8tter Danmarks Indsamlingen - igen i \u00e5r - Scales Group","og_description":"Igen i \u00e5r st\u00f8tter SCALES indsamlingen, hvor Danmarks 12 st\u00f8rste humanit\u00e6re organisationer samler penge ind til at hj\u00e6lpe nogle af de mest s\u00e5rbare familier i verdens kriser.","og_url":"https:\/\/scales-group.com\/da\/scales-stoetter-danmarks-indsamlingen-igen-i-aar\/","og_site_name":"Scales Group","article_published_time":"2023-01-31T14:42:22+00:00","article_modified_time":"2023-05-11T07:42:13+00:00","og_image":[{"width":1920,"height":1080,"url":"https:\/\/scales-group.com\/wp-content\/uploads\/2023\/02\/pexels-emmanuel-ikwuegbu-8948347-1.jpg","type":"image\/jpeg"}],"author":"admin","twitter_card":"summary_large_image","twitter_misc":{"Skrevet af":"admin","Estimeret l\u00e6setid":"1 minut"},"schema":{"@context":"https:\/\/schema.org","@graph":[{"@type":"Article","@id":"https:\/\/scales-group.com\/da\/scales-stoetter-danmarks-indsamlingen-igen-i-aar\/#article","isPartOf":{"@id":"https:\/\/scales-group.com\/da\/scales-stoetter-danmarks-indsamlingen-igen-i-aar\/"},"author":{"name":"admin","@id":"https:\/\/scales-group.com\/da\/#\/schema\/person\/c6c420cba03994b433f08042cb518fbf"},"headline":"SCALES st\u00f8tter Danmarks Indsamlingen &#8211; igen i \u00e5r","datePublished":"2023-01-31T14:42:22+00:00","dateModified":"2023-05-11T07:42:13+00:00","mainEntityOfPage":{"@id":"https:\/\/scales-group.com\/da\/scales-stoetter-danmarks-indsamlingen-igen-i-aar\/"},"wordCount":288,"publisher":{"@id":"https:\/\/scales-group.com\/da\/#organization"},"image":{"@id":"https:\/\/scales-group.com\/da\/scales-stoetter-danmarks-indsamlingen-igen-i-aar\/#primaryimage"},"thumbnailUrl":"https:\/\/scales-group.com\/wp-content\/uploads\/2023\/02\/pexels-emmanuel-ikwuegbu-8948347-1.jpg","keywords":["generalnews"],"articleSection":["Nyheder"],"inLanguage":"da-DK"},{"@type":"WebPage","@id":"https:\/\/scales-group.com\/da\/scales-stoetter-danmarks-indsamlingen-igen-i-aar\/","url":"https:\/\/scales-group.com\/da\/scales-stoetter-danmarks-indsamlingen-igen-i-aar\/","name":"SCALES st\u00f8tter Danmarks Indsamlingen - igen i \u00e5r - Scales Group","isPartOf":{"@id":"https:\/\/scales-group.com\/da\/#website"},"primaryImageOfPage":{"@id":"https:\/\/scales-group.com\/da\/scales-stoetter-danmarks-indsamlingen-igen-i-aar\/#primaryimage"},"image":{"@id":"https:\/\/scales-group.com\/da\/scales-stoetter-danmarks-indsamlingen-igen-i-aar\/#primaryimage"},"thumbnailUrl":"https:\/\/scales-group.com\/wp-content\/uploads\/2023\/02\/pexels-emmanuel-ikwuegbu-8948347-1.jpg","datePublished":"2023-01-31T14:42:22+00:00","dateModified":"2023-05-11T07:42:13+00:00","description":"Igen i \u00e5r st\u00f8tter SCALES indsamlingen, hvor Danmarks 12 st\u00f8rste humanit\u00e6re organisationer samler penge ind til at hj\u00e6lpe nogle af de mest s\u00e5rbare familier i verdens kriser.","breadcrumb":{"@id":"https:\/\/scales-group.com\/da\/scales-stoetter-danmarks-indsamlingen-igen-i-aar\/#breadcrumb"},"inLanguage":"da-DK","potentialAction":[{"@type":"ReadAction","target":["https:\/\/scales-group.com\/da\/scales-stoetter-danmarks-indsamlingen-igen-i-aar\/"]}]},{"@type":"ImageObject","inLanguage":"da-DK","@id":"https:\/\/scales-group.com\/da\/scales-stoetter-danmarks-indsamlingen-igen-i-aar\/#primaryimage","url":"https:\/\/scales-group.com\/wp-content\/uploads\/2023\/02\/pexels-emmanuel-ikwuegbu-8948347-1.jpg","contentUrl":"https:\/\/scales-group.com\/wp-content\/uploads\/2023\/02\/pexels-emmanuel-ikwuegbu-8948347-1.jpg","width":1920,"height":1080,"caption":"Skoleklasse i Afrika"},{"@type":"BreadcrumbList","@id":"https:\/\/scales-group.com\/da\/scales-stoetter-danmarks-indsamlingen-igen-i-aar\/#breadcrumb","itemListElement":[{"@type":"ListItem","position":1,"name":"Forside","item":"https:\/\/scales-group.com\/da\/"},{"@type":"ListItem","position":2,"name":"Nyheder","item":"https:\/\/scales-group.com\/da\/kategori\/nyheder\/"},{"@type":"ListItem","position":3,"name":"SCALES st\u00f8tter Danmarks Indsamlingen &#8211; igen i \u00e5r"}]},{"@type":"WebSite","@id":"https:\/\/scales-group.com\/da\/#website","url":"https:\/\/scales-group.com\/da\/","name":"Scales Group","description":"","publisher":{"@id":"https:\/\/scales-group.com\/da\/#organization"},"potentialAction":[{"@type":"SearchAction","target":{"@type":"EntryPoint","urlTemplate":"https:\/\/scales-group.com\/da\/?s={search_term_string}"},"query-input":{"@type":"PropertyValueSpecification","valueRequired":true,"valueName":"search_term_string"}}],"inLanguage":"da-DK"},{"@type":"Organization","@id":"https:\/\/scales-group.com\/da\/#organization","name":"Scales Group","url":"https:\/\/scales-group.com\/da\/","logo":{"@type":"ImageObject","inLanguage":"da-DK","@id":"https:\/\/scales-group.com\/da\/#\/schema\/logo\/image\/","url":"https:\/\/scales-group.com\/wp-content\/uploads\/2023\/03\/Scales-100_POS-med-payoff.png","contentUrl":"https:\/\/scales-group.com\/wp-content\/uploads\/2023\/03\/Scales-100_POS-med-payoff.png","width":476,"height":190,"caption":"Scales Group"},"image":{"@id":"https:\/\/scales-group.com\/da\/#\/schema\/logo\/image\/"},"sameAs":["https:\/\/www.linkedin.com\/company\/scales-group-a-s\/"]},{"@type":"Person","@id":"https:\/\/scales-group.com\/da\/#\/schema\/person\/c6c420cba03994b433f08042cb518fbf","name":"admin","sameAs":["https:\/\/scales-group.com"]}]}},"_links":{"self":[{"href":"https:\/\/scales-group.com\/da\/wp-json\/wp\/v2\/posts\/929","targetHints":{"allow":["GET"]}}],"collection":[{"href":"https:\/\/scales-group.com\/da\/wp-json\/wp\/v2\/posts"}],"about":[{"href":"https:\/\/scales-group.com\/da\/wp-json\/wp\/v2\/types\/post"}],"author":[{"embeddable":true,"href":"https:\/\/scales-group.com\/da\/wp-json\/wp\/v2\/users\/1"}],"replies":[{"embeddable":true,"href":"https:\/\/scales-group.com\/da\/wp-json\/wp\/v2\/comments?post=929"}],"version-history":[{"count":4,"href":"https:\/\/scales-group.com\/da\/wp-json\/wp\/v2\/posts\/929\/revisions"}],"predecessor-version":[{"id":3139,"href":"https:\/\/scales-group.com\/da\/wp-json\/wp\/v2\/posts\/929\/revisions\/3139"}],"wp:featuredmedia":[{"embeddable":true,"href":"https:\/\/scales-group.com\/da\/wp-json\/wp\/v2\/media\/932"}],"wp:attachment":[{"href":"https:\/\/scales-group.com\/da\/wp-json\/wp\/v2\/media?parent=929"}],"wp:term":[{"taxonomy":"category","embeddable":true,"href":"https:\/\/scales-group.com\/da\/wp-json\/wp\/v2\/categories?post=929"},{"taxonomy":"post_tag","embeddable":true,"href":"https:\/\/scales-group.com\/da\/wp-json\/wp\/v2\/tags?post=929"}],"curies":[{"name":"wp","href":"https:\/\/api.w.org\/{rel}","templated":true}]}}